{"id":4231,"date":"2019-10-13T10:53:25","date_gmt":"2019-10-13T13:53:25","guid":{"rendered":"http:\/\/educacaocientifica.com\/cientifica\/?p=4231"},"modified":"2019-10-14T14:37:10","modified_gmt":"2019-10-14T17:37:10","slug":"afinal-o-que-e-quantica","status":"publish","type":"post","link":"https:\/\/educacaocientifica.com\/cientifica\/afinal-o-que-e-quantica\/","title":{"rendered":"Afinal o que \u00e9 qu\u00e2ntica?"},"content":{"rendered":"<p style=\"text-align: justify;\">Recentemente um amigo meu me perguntou o que era realmente qu\u00e2ntica? Porque ele andava vendo isso sendo usado em colch\u00f5es, rem\u00e9dios homeop\u00e1ticos e at\u00e9 cursos de psicologia. Mesmo n\u00e3o sendo um f\u00edsico, ele havia notado que aquilo n\u00e3o fazia muito sentido. Praticamente todo tipo de produto e pr\u00e1tica \u201calternativa\u201d usava qu\u00e2ntica como um adjetivo para seus produtos, como se aquilo significasse algo melhor.<\/p>\n<p><!--more--><\/p>\n<p style=\"text-align: justify;\">\u201cPorque usar essa aspirina normal se voc\u00ea pode comprar nossa aspirina <b>qu\u00e2ntica<\/b>? Cansado de dormir mal? Experimente nossos colch\u00f5es qu\u00e2nticos! Na promo\u00e7\u00e3o de hoje eles j\u00e1 acompanham 4 litros de \u00e1gua qu\u00e2ntica\u201d<\/p>\n<p style=\"text-align: justify;\"><img decoding=\"async\" loading=\"lazy\" class=\"size-medium wp-image-4313 alignleft\" src=\"http:\/\/educacaocientifica.com\/cientifica\/wp-content\/uploads\/2019\/10\/2-300x169.jpg\" alt=\"\" width=\"300\" height=\"169\" srcset=\"https:\/\/educacaocientifica.com\/cientifica\/wp-content\/uploads\/2019\/10\/2-300x169.jpg 300w, https:\/\/educacaocientifica.com\/cientifica\/wp-content\/uploads\/2019\/10\/2-685x386.jpg 685w, https:\/\/educacaocientifica.com\/cientifica\/wp-content\/uploads\/2019\/10\/2.jpg 723w\" sizes=\"(max-width: 300px) 100vw, 300px\" \/><\/p>\n<p style=\"text-align: justify;\">Qualquer um que j\u00e1 viu a dezena de <em>clickbaits<\/em> de internet, consegue sentir claramente o cheiro de farsa nessas coisas. Ent\u00e3o hoje vou falar um pouco sobre o que \u00e9 realmente qu\u00e2ntica, e de brinde evitar que voc\u00ea gaste 100 reais a mais por um colch\u00e3o \u201cqu\u00e2ntico\u201d (que \u00e9 absolutamente igual a um colch\u00e3o \u201cn\u00e3o-qu\u00e2ntico\u201d). Mas antes de explicar a qu\u00e2ntica, vamos deixar claro o que ela n\u00e3o \u00e9, e principalmente porque existe essa onda de coisas qu\u00e2nticas.<\/p>\n<p style=\"text-align: justify;\">Usar palavras cient\u00edficas e complicadas para vender produtos \u00e9 uma pr\u00e1tica t\u00e3o comum (e desonesta) quanto usar mulheres semi-nuas para fazer marketing de produtos. Hoje em dia a ci\u00eancia \u00e9 uma das institui\u00e7\u00f5es mais respeitadas e eficazes no mundo, e qualquer associa\u00e7\u00e3o com ci\u00eancia torna um produto automaticamente mais confi\u00e1vel e melhor. Por isso, \u00e9 <b>extremamente<\/b> comum que agentes de marketing usem frases deturpadas para dar um tom cient\u00edfico a suas mercadorias. \u201cNove em cada dez dentistas recomendam <em>Colgate<\/em>\u201d \u00e9 um exemplo cl\u00e1ssico disso, mesmo que a propaganda n\u00e3o diga como essa suposta pesquisa na verdade nunca foi feita de maneira correta. Propagandas que mostram atores em jalecos brancos, ou laborat\u00f3rios ao fundo tamb\u00e9m s\u00e3o frequentes, justamente para passar a impress\u00e3o do produto ser mais eficaz (como <strong><a href=\"http:\/\/globoplay.globo.com\/v\/4800011\/\">essa esquete<\/a><\/strong> satiriza de modo brilhante).<\/p>\n<p style=\"text-align: justify;\">E nessa mala de \u201cefeitos especiais\u201d entra o uso de termos cient\u00edficos, sendo \u201cqu\u00e2ntico\u201d um deles. Ok, agentes de marketing mal pagos usam termos cient\u00edficos e uma roupagem acad\u00eamica para tentar vender credibilidade a seus produtos. Mas por que especificamente qu\u00e2ntica?<\/p>\n<p style=\"text-align: justify;\">Simples, porque pouqu\u00edssimas pessoas sabem de fato o que ela \u00e9. Todos esses produtos na verdade s\u00e3o t\u00e3o qu\u00e2nticos quanto a coxinha de catupiri da dona Neuzinha. S\u00f3 que essa palavra \u00e9 chique, ela \u00e9 uma <em>buzzword<\/em>. E principalmente, ela vende. Esse \u00e9 o <strong>\u00fanico<\/strong> motivo para algu\u00e9m colocar qu\u00e2ntico em seu produto. Qu\u00e2ntica \u00e9 uma \u00e1rea do conhecimento que trata de part\u00edculas sub-at\u00f4micas, e apesar de nos permitir prever importantes fen\u00f4menos na f\u00edsica de part\u00edculas, ela n\u00e3o tem absolutamente <strong>nenhuma<\/strong> rela\u00e7\u00e3o com colch\u00f5es magn\u00e9ticos, psicologia, espiritismo ou poder da mente. Tendo deixado isso claro, vamos a parte importante, o que \u00e9 qu\u00e2ntica?<\/p>\n<p style=\"text-align: justify;\"><img decoding=\"async\" loading=\"lazy\" class=\"size-medium wp-image-4314 alignright\" src=\"http:\/\/educacaocientifica.com\/cientifica\/wp-content\/uploads\/2019\/10\/3-300x169.jpg\" alt=\"\" width=\"300\" height=\"169\" srcset=\"https:\/\/educacaocientifica.com\/cientifica\/wp-content\/uploads\/2019\/10\/3-300x169.jpg 300w, https:\/\/educacaocientifica.com\/cientifica\/wp-content\/uploads\/2019\/10\/3-685x386.jpg 685w, https:\/\/educacaocientifica.com\/cientifica\/wp-content\/uploads\/2019\/10\/3.jpg 723w\" sizes=\"(max-width: 300px) 100vw, 300px\" \/><\/p>\n<p style=\"text-align: justify;\">Na verdade a <a href=\"https:\/\/pt.wikipedia.org\/wiki\/Mec%C3%A2nica_qu%C3%A2ntica\"><strong>f\u00edsica qu\u00e2ntica<\/strong><\/a> \u00e9 uma sub \u00e1rea da f\u00edsica que surgiu a cerca de 100 anos atr\u00e1s, durante um per\u00edodo de grandes revolu\u00e7\u00f5es no pensamento cient\u00edfico. Diferente da teoria da <a href=\"https:\/\/pt.wikipedia.org\/wiki\/Relatividade_restrita\"><strong>relatividade restrita<\/strong><\/a> de Einstein (publicada em 1905), ou mesmo da teoria da <a href=\"https:\/\/pt.wikipedia.org\/wiki\/Lei_da_gravita%C3%A7%C3%A3o_universal\"><strong>gravita\u00e7\u00e3o universal<\/strong><\/a> de Newton (1687), a f\u00edsica qu\u00e2ntica n\u00e3o possui somente um criador ou uma data definida para sua \u201cdescoberta\u201d.<\/p>\n<p style=\"text-align: justify;\">As bases iniciais da f\u00edsica qu\u00e2ntica surgiram a partir de um problema na f\u00edsica cl\u00e1ssica para explicar como um corpo muito quente emite radia\u00e7\u00e3o. Segundo todos os c\u00e1lculos da f\u00edsica cl\u00e1ssica, um corpo que absorvesse toda luz emitida sobre ele (geralmente chamado de <a href=\"https:\/\/pt.wikipedia.org\/wiki\/Corpo_negro\"><strong>corpo negro)<\/strong><\/a>, e somente irradiasse luz devido a sua temperatura (como uma brasa brilhando pelo calor) deveria emitir <strong>muita<\/strong> luz em frequ\u00eancias altas. Na verdade, a previs\u00e3o cl\u00e1ssica \u00e9 que esse corpo deveria emitir uma intensidade infinita de luz em altas frequ\u00eancias, o que estava em desacordo com a realidade. Um corpo aquecido emite luz em determinadas frequ\u00eancias, mas n\u00e3o uma quantidade infinita de luz. Esse problema era t\u00e3o grave que ficou conhecido como a <strong><a href=\"https:\/\/pt.wikipedia.org\/wiki\/Cat%C3%A1strofe_do_ultravioleta\">\u201ccat\u00e1strofe do ultravioleta\u201d<\/a><\/strong>, e muitos f\u00edsicos tentaram encontrar o erro nessas previs\u00f5es. Em 1900, Max Planck conseguiu resolver parte desse mist\u00e9rio supondo que a energia <strong>nessa situa\u00e7\u00e3o<\/strong> seria absorvida somente em pequenos pacotes individuais. Essa pequena suposi\u00e7\u00e3o conseguia levar a resolu\u00e7\u00e3o da cat\u00e1strofe do ultra violeta, fazendo previs\u00f5es corretas quanto a emiss\u00e3o de luz por corpos negros. Por\u00e9m,\u00a0 at\u00e9 ent\u00e3o est\u00e1vamos falando somente de um efeito muito espec\u00edfico, que ocorria em uma situa\u00e7\u00e3o especial.<\/p>\n<figure id=\"attachment_4315\" aria-describedby=\"caption-attachment-4315\" style=\"width: 463px\" class=\"wp-caption aligncenter\"><img decoding=\"async\" loading=\"lazy\" class=\" wp-image-4315\" src=\"http:\/\/educacaocientifica.com\/cientifica\/wp-content\/uploads\/2019\/10\/4-300x186.jpg\" alt=\"\" width=\"463\" height=\"287\" srcset=\"https:\/\/educacaocientifica.com\/cientifica\/wp-content\/uploads\/2019\/10\/4-300x186.jpg 300w, https:\/\/educacaocientifica.com\/cientifica\/wp-content\/uploads\/2019\/10\/4.jpg 525w\" sizes=\"(max-width: 463px) 100vw, 463px\" \/><figcaption id=\"caption-attachment-4315\" class=\"wp-caption-text\">A brasa emite radia\u00e7\u00e3o num espectro muito semelhante ao do corpo negro.<\/figcaption><\/figure>\n<p style=\"text-align: justify;\">Foi em 1905 que Albert Einstein (o alem\u00e3o da relatividade) conseguiu pensar al\u00e9m. Nessa \u00e9poca ele estava tentando resolver um outro problema da f\u00edsica, o <a href=\"https:\/\/pt.wikipedia.org\/wiki\/Efeito_fotoel%C3%A9trico\"><strong>efeito fotoel\u00e9trico<\/strong><\/a>. Nesse fen\u00f4meno, a emiss\u00e3o de luz sobre um metal pode arrancar el\u00e9trons desse, gerando uma certa corrente el\u00e9trica. Mas, novamente, as previs\u00f5es cl\u00e1ssicas levavam a resultados errados. Einstein sup\u00f4s ent\u00e3o que na verdade a luz n\u00e3o \u00e9 uma onda eletromagn\u00e9tica cont\u00ednua, mas sim composta de pequenos &#8220;pacotes&#8221; de energia, quase como se ela fosse feita de pequenas part\u00edculas individuais de luz (que ele chamou de f\u00f3tons). Novamente, essa pequena diferen\u00e7a fazia todas as contas baterem com o observado na realidade, mostrando que de alguma forma, a luz se comportava como part\u00edcula no<a href=\"https:\/\/pt.wikipedia.org\/wiki\/Efeito_fotoel%C3%A9trico\"><b> efeito foto-el\u00e9trico<\/b><\/a>.<\/p>\n<p style=\"text-align: justify;\">Aqui \u00e9 importante frisarmos que nessa \u00e9poca, a mec\u00e2nica qu\u00e2ntica sequer havia sido citada. O que t\u00ednhamos era somente alguns fen\u00f4menos muito particulares, em que a vis\u00e3o da luz como part\u00edcula podia ajudar a obter os resultados corretos ( e em geral era considerado somente como um truque matem\u00e1tico, e n\u00e3o uma caracter\u00edstica real da luz). Mas de resto, absolutamente toda a f\u00edsica do s\u00e9culo XIX era perfeitamente bem explicada pela mec\u00e2nica cl\u00e1ssica, que trava a luz como uma onda cont\u00ednua. O conceito de qu\u00e2ntica surge mais ou menos nessa \u00e9poca, mas somente para classificar a quantidade (qu\u00e2ntica\u2192quantum) discreta e individual de energia que era contida em cada \u201cpart\u00edcula\u201d de luz (o f\u00f3ton).<\/p>\n<p><img decoding=\"async\" loading=\"lazy\" class=\" wp-image-4316\" src=\"http:\/\/educacaocientifica.com\/cientifica\/wp-content\/uploads\/2019\/10\/5-300x93.png\" alt=\"\" width=\"374\" height=\"116\" srcset=\"https:\/\/educacaocientifica.com\/cientifica\/wp-content\/uploads\/2019\/10\/5-300x93.png 300w, https:\/\/educacaocientifica.com\/cientifica\/wp-content\/uploads\/2019\/10\/5.png 400w\" sizes=\"(max-width: 374px) 100vw, 374px\" \/><\/p>\n<p style=\"text-align: justify;\">Para a grande maioria da comunidade de f\u00edsicos da \u00e9poca, aqueles eram efeitos pontuais, curiosidades no m\u00e1ximo. Seriam necess\u00e1rios ainda mais de 30 anos de descobertas em diversas \u00e1reas para que a qu\u00e2ntica come\u00e7asse a ser entendida como uma caracter\u00edstica fundamental e geral da mat\u00e9ria. Isto \u00e9, o conceito de que a energia na verdade \u00e9 quantizada, sendo transmitida somente em intervalos discretos e n\u00e3o cont\u00ednuos. O conceito de que a luz (uma onda) podia ser entendida como uma quantidade quase infinita de pequenas part\u00edculas indivis\u00edveis, quanta de luz, levou outros pesquisadores a hip\u00f3teses ainda mais ousadas. Talvez o que n\u00f3s sempre imaginamos como part\u00edculas (el\u00e9trons, pr\u00f3tons e n\u00eautrons) pudessem se comportar na verdade como ondas.<\/p>\n<p style=\"text-align: justify;\">Com esse novo tipo de abordagem sobre fen\u00f4menos microsc\u00f3picos, uma horda de f\u00edsicos se debru\u00e7ou a procurar novos efeitos que n\u00e3o pudessem ser explicados pelo modelo cl\u00e1ssico da mat\u00e9ria (que dizia que a luz \u00e9 uma onda e a mat\u00e9ria \u00e9 feita de part\u00edculas). E de fato, entre 1900 e 1940, foram encontrados diversos fen\u00f4menos onde, ou a luz se comportava como part\u00edcula, ou part\u00edculas se comportavam como ondas. A lista \u00e9 muito grande, ent\u00e3o deixo aqui alguns links para os experimentos mais famosos, com uma breve descri\u00e7\u00e3o (lembrando que a Wikipedia em ingl\u00eas cont\u00eam infinitamente mais informa\u00e7\u00f5es sobre os temas):<\/p>\n<ul style=\"text-align: justify;\">\n<li><strong><a href=\"https:\/\/en.wikipedia.org\/wiki\/Compton_scattering\">Espalhamento de Compton<\/a> <\/strong>(mostrando que a luz se espalha como part\u00edcula ao colidir com metais)<\/li>\n<li><strong><a href=\"https:\/\/en.wikipedia.org\/wiki\/Bohr_model\">O modelo de \u00e1tomo de Bohr<\/a> <\/strong>(que \u201cquantizou\u201d as \u00f3rbitas dos el\u00e9trons, permitindo que existissem somente estados discretos e n\u00e3o cont\u00ednuos)<\/li>\n<li><strong><a href=\"https:\/\/en.wikipedia.org\/wiki\/Matter_wave\">a onda de mat\u00e9ria de deBroglie<\/a><\/strong> (que explica de maneira elegante o \u00e1tomo de Bohr simplesmente supondo que el\u00e9trons se comportam como uma onda)<\/li>\n<li><strong><a href=\"https:\/\/en.wikipedia.org\/wiki\/Stern%E2%80%93Gerlach_experiment\">experimento de Sterm-gerlach<\/a><\/strong> (mostrando que mesmo o momento angular de part\u00edculas \u00e9 quantizado)<\/li>\n<li><strong><a href=\"https:\/\/en.wikipedia.org\/wiki\/Double-slit_experiment\">Experimento de fenda dupla<\/a><\/strong> (mostrando que tanto a luz quanto el\u00e9trons podem se comportar como part\u00edcula ou como onda dependendo da situa\u00e7\u00e3o)<\/li>\n<\/ul>\n<p style=\"text-align: justify;\">Todos esses experimentos tinham uma coisa em comum, eles mostravam que em situa\u00e7\u00f5es <strong>muito espec\u00edficas<\/strong> e determinadas, a mat\u00e9ria podia se comportar como onda, ou ent\u00e3o as ondas de luz se comportavam como mat\u00e9ria. Eventualmente, todos esses fen\u00f4menos foram explicados por uma grande teoria unificada da qu\u00e2ntica, que ter\u00e1 uma postagem futura pr\u00f3pria. Ap\u00f3s a maturidade da ideia de que part\u00edculas (ou ondas) pudessem se comportar como ondas (ou part\u00edculas), a mec\u00e2nica qu\u00e2ntica foi formalizada como uma \u00fanica teoria robusta, que previa todos esses fen\u00f4menos al\u00e9m de fazer diversas previs\u00f5es quanto a outros efeitos nunca antes observados. Tal formaliza\u00e7\u00e3o se deu devido a diversos cientistas, mas principalmente devido a <a href=\"https:\/\/pt.wikipedia.org\/wiki\/Erwin_Schr%C3%B6dinger\"><strong>Schoredinger,\u00a0<\/strong><\/a><strong><a href=\"https:\/\/pt.wikipedia.org\/wiki\/Paul_Dirac\">Dirac<\/a>\u00a0<\/strong>e <strong><a href=\"https:\/\/pt.wikipedia.org\/wiki\/Werner_Heisenberg\">Heisemberg<\/a><\/strong>.<\/p>\n<p style=\"text-align: justify;\">Voc\u00ea pode notar que todos os efeitos qu\u00e2nticos que citamos tem algo claramente em comum, eles ocorrem somente <strong>em escalas at\u00f4micas<\/strong>. E aqui est\u00e1 o ponto crucial. A f\u00edsica qu\u00e2ntica \u00e9 a descri\u00e7\u00e3o de fen\u00f4menos <b>MICROSC\u00d3PICOS<\/b>. Ela n\u00e3o anula a f\u00edsica cl\u00e1ssica, ela n\u00e3o \u201ccria\u201d novos efeitos no mundo ap\u00f3s ter sido descoberta. Do mesmo jeito que as pessoas <strong>n\u00e3o<\/strong> voavam antes de Newton entender a gravita\u00e7\u00e3o universal, a descoberta da f\u00edsica qu\u00e2ntica n\u00e3o anula a descri\u00e7\u00e3o cl\u00e1ssica para fen\u00f4menos antigos que j\u00e1 eram bem explicados. A qu\u00e2ntica vai apresentar sim diversos fen\u00f4menos interessantes e anti-intuitivos. Mas todos eles dizem respeito a escalas muito pequenas, que de maneira alguma afetam diretamente nossa exist\u00eancia cotidiana. E ainda mais importante, todos esses fen\u00f4menos s\u00e3o <strong>absolutamente bem descritos<\/strong> pela matem\u00e1tica e f\u00edsica.<\/p>\n<figure id=\"attachment_4317\" aria-describedby=\"caption-attachment-4317\" style=\"width: 520px\" class=\"wp-caption aligncenter\"><img decoding=\"async\" loading=\"lazy\" class=\" wp-image-4317\" src=\"http:\/\/educacaocientifica.com\/cientifica\/wp-content\/uploads\/2019\/10\/6-300x72.png\" alt=\"\" width=\"520\" height=\"125\" srcset=\"https:\/\/educacaocientifica.com\/cientifica\/wp-content\/uploads\/2019\/10\/6-300x72.png 300w, https:\/\/educacaocientifica.com\/cientifica\/wp-content\/uploads\/2019\/10\/6.png 497w\" sizes=\"(max-width: 520px) 100vw, 520px\" \/><figcaption id=\"caption-attachment-4317\" class=\"wp-caption-text\">Equa\u00e7\u00e3o de Schr\u00f6edinger em sua forma mais simples. A qu\u00e2ntica \u00e9 muito bem definida matematicamente.<\/figcaption><\/figure>\n<p style=\"text-align: justify;\">Diferente do que o vendedor de colch\u00f5es qu\u00e2nticos te disse, a f\u00edsica qu\u00e2ntica <b>n\u00e3o \u00e9 <\/b>a feira da uva onde tudo pode acontecer. Uma matem\u00e1tica absurdamente pesada e robusta \u00e9 usada por f\u00edsicos para entender e prever fen\u00f4menos microsc\u00f3picos com precis\u00e3o de milhares de casas decimais.<\/p>\n<p style=\"text-align: justify;\">Mas justamente devido a essa dificuldade de explica-la, e devido a quantidade enorme de novos fen\u00f4menos microsc\u00f3picos que s\u00e3o anti-intuitivos, a f\u00edsica qu\u00e2ntica se tornou o alvo favorito de charlat\u00f5es. Ao usar o nome \u201cqu\u00e2ntico\u201d, rar\u00edssimas vezes algu\u00e9m ir\u00e1 questionar a veracidade de um produto, e na maioria das vezes a pessoa ir\u00e1 pensar que se trata de algo diferenciado. Mas como na propaganda de Colgate, isso n\u00e3o passa do uso de nomes e termos cient\u00edficos para vender um produto absolutamente id\u00eantico a qualquer outro.<\/p>\n<p style=\"text-align: justify;\">F\u00edsica qu\u00e2ntica \u00e9 uma \u00e1rea fascinante da ci\u00eancia, e dentro dela descobrimos fen\u00f4menos incrivelmente anti-intuitivos (que ser\u00e3o tratados numa postagem futura) , chegando mesmo a questionar a validade de nossas percep\u00e7\u00f5es. Mas ela ainda sim \u00e9 uma teoria f\u00edsica, com previs\u00f5es absurdamente precisas, e que tem uma \u00e1rea de validade muito clara: fen\u00f4menos microsc\u00f3picos (e n\u00e3o o colch\u00e3o m\u00e1gico magn\u00e9tico qu\u00e2ntico).<\/p>\n<p style=\"text-align: justify;\">Por fim, para quem se interessou pelo assunto, seguem algumas outras fontes de informa\u00e7\u00e3o sobre o tema, j\u00e1 que ele por conta pr\u00f3pria renderia umas\u00a0 5 postagens f\u00e1cil.<\/p>\n<p style=\"text-align: justify;\">V\u00eddeo em portugu\u00eas muito legal sobre porque qu\u00e2ntica <b>N\u00c3O<\/b> tem nada a ver com poderes da mente, espiritualidade, hadouken ou colch\u00f5es magn\u00e9ticos:<\/p>\n<p style=\"text-align: justify;\"><a href=\"https:\/\/www.youtube.com\/watch?v=4rNI2esH1EE\">https:\/\/www.youtube.com\/watch?v=4rNI2esH1EE<\/a><\/p>\n<p style=\"text-align: justify;\">V\u00eddeo e ingl\u00eas (com legendas) \u00f3timo do CrashCourse introduzindo de verdade a f\u00edsica qu\u00e2ntica de maneira simples:<\/p>\n<p><a href=\"https:\/\/www.youtube.com\/watch?v=7kb1VT0J3DE\">https:\/\/www.youtube.com\/watch?v=7kb1VT0J3DE<\/a><\/p>\n<p>Introdu\u00e7\u00e3o a f\u00edsica qu\u00e2ntica:<\/p>\n<p><a href=\"https:\/\/pt.wikipedia.org\/wiki\/Introdu%C3%A7%C3%A3o_%C3%A0_mec%C3%A2nica_qu%C3%A2ntica\">https:\/\/pt.wikipedia.org\/wiki\/Introdu%C3%A7%C3%A3o_%C3%A0_mec%C3%A2nica_qu%C3%A2ntica<\/a><\/p>\n","protected":false},"excerpt":{"rendered":"<p>Recentemente um amigo meu me perguntou o que era realmente qu\u00e2ntica? Porque ele andava vendo isso sendo usado em colch\u00f5es, rem\u00e9dios homeop\u00e1ticos e at\u00e9 cursos de psicologia. Mesmo n\u00e3o sendo um f\u00edsico, ele havia notado que aquilo n\u00e3o fazia muito sentido. Praticamente todo tipo de produto e pr\u00e1tica \u201calternativa\u201d usava qu\u00e2ntica como um adjetivo para &hellip; <a href=\"https:\/\/educacaocientifica.com\/cientifica\/afinal-o-que-e-quantica\/\" class=\"more-link\">Continue lendo <span class=\"screen-reader-text\">Afinal o que \u00e9 qu\u00e2ntica?<\/span><\/a><\/p>\n","protected":false},"author":3,"featured_media":4312,"comment_status":"open","ping_status":"open","sticky":false,"template":"","format":"standard","meta":[],"categories":[6,25],"tags":[23,27],"yoast_head":"<!-- This site is optimized with the Yoast SEO plugin v20.0 - https:\/\/yoast.com\/wordpress\/plugins\/seo\/ -->\n<title>Afinal o que \u00e9 qu\u00e2ntica? - Cient\u00edfica<\/title>\n<meta name=\"robots\" content=\"index, follow, max-snippet:-1, max-image-preview:large, max-video-preview:-1\" \/>\n<link rel=\"canonical\" href=\"https:\/\/educacaocientifica.com\/cientifica\/afinal-o-que-e-quantica\/\" \/>\n<meta property=\"og:locale\" content=\"pt_BR\" \/>\n<meta property=\"og:type\" content=\"article\" \/>\n<meta property=\"og:title\" content=\"Afinal o que \u00e9 qu\u00e2ntica? - Cient\u00edfica\" \/>\n<meta property=\"og:description\" content=\"Recentemente um amigo meu me perguntou o que era realmente qu\u00e2ntica? Porque ele andava vendo isso sendo usado em colch\u00f5es, rem\u00e9dios homeop\u00e1ticos e at\u00e9 cursos de psicologia. Mesmo n\u00e3o sendo um f\u00edsico, ele havia notado que aquilo n\u00e3o fazia muito sentido. Praticamente todo tipo de produto e pr\u00e1tica \u201calternativa\u201d usava qu\u00e2ntica como um adjetivo para &hellip; Continue lendo Afinal o que \u00e9 qu\u00e2ntica?\" \/>\n<meta property=\"og:url\" content=\"https:\/\/educacaocientifica.com\/cientifica\/afinal-o-que-e-quantica\/\" \/>\n<meta property=\"og:site_name\" content=\"Cient\u00edfica\" \/>\n<meta property=\"article:published_time\" content=\"2019-10-13T13:53:25+00:00\" \/>\n<meta property=\"article:modified_time\" content=\"2019-10-14T17:37:10+00:00\" \/>\n<meta property=\"og:image\" content=\"https:\/\/educacaocientifica.com\/cientifica\/wp-content\/uploads\/2019\/10\/QUANTUM.jpg\" \/>\n\t<meta property=\"og:image:width\" content=\"800\" \/>\n\t<meta property=\"og:image:height\" content=\"480\" \/>\n\t<meta property=\"og:image:type\" content=\"image\/jpeg\" \/>\n<meta name=\"author\" content=\"Alex Dias e Marco Ant\u00f4nio\" \/>\n<meta name=\"twitter:card\" content=\"summary_large_image\" \/>\n<meta name=\"twitter:label1\" content=\"Escrito por\" \/>\n\t<meta name=\"twitter:data1\" content=\"Alex Dias e Marco Ant\u00f4nio\" \/>\n\t<meta name=\"twitter:label2\" content=\"Est. tempo de leitura\" \/>\n\t<meta name=\"twitter:data2\" content=\"10 minutos\" \/>\n<script type=\"application\/ld+json\" class=\"yoast-schema-graph\">{\"@context\":\"https:\/\/schema.org\",\"@graph\":[{\"@type\":\"WebPage\",\"@id\":\"https:\/\/educacaocientifica.com\/cientifica\/afinal-o-que-e-quantica\/\",\"url\":\"https:\/\/educacaocientifica.com\/cientifica\/afinal-o-que-e-quantica\/\",\"name\":\"Afinal o que \u00e9 qu\u00e2ntica? - Cient\u00edfica\",\"isPartOf\":{\"@id\":\"https:\/\/educacaocientifica.com\/cientifica\/#website\"},\"datePublished\":\"2019-10-13T13:53:25+00:00\",\"dateModified\":\"2019-10-14T17:37:10+00:00\",\"author\":{\"@id\":\"https:\/\/educacaocientifica.com\/cientifica\/#\/schema\/person\/e17dfe3dab5597a56e9a1cd4ed1a4734\"},\"breadcrumb\":{\"@id\":\"https:\/\/educacaocientifica.com\/cientifica\/afinal-o-que-e-quantica\/#breadcrumb\"},\"inLanguage\":\"pt-BR\",\"potentialAction\":[{\"@type\":\"ReadAction\",\"target\":[\"https:\/\/educacaocientifica.com\/cientifica\/afinal-o-que-e-quantica\/\"]}]},{\"@type\":\"BreadcrumbList\",\"@id\":\"https:\/\/educacaocientifica.com\/cientifica\/afinal-o-que-e-quantica\/#breadcrumb\",\"itemListElement\":[{\"@type\":\"ListItem\",\"position\":1,\"name\":\"In\u00edcio\",\"item\":\"https:\/\/educacaocientifica.com\/cientifica\/\"},{\"@type\":\"ListItem\",\"position\":2,\"name\":\"Afinal o que \u00e9 qu\u00e2ntica?\"}]},{\"@type\":\"WebSite\",\"@id\":\"https:\/\/educacaocientifica.com\/cientifica\/#website\",\"url\":\"https:\/\/educacaocientifica.com\/cientifica\/\",\"name\":\"Cient\u00edfica\",\"description\":\"Porque a ci\u00eancia \u00e9 encantadora\",\"potentialAction\":[{\"@type\":\"SearchAction\",\"target\":{\"@type\":\"EntryPoint\",\"urlTemplate\":\"https:\/\/educacaocientifica.com\/cientifica\/?s={search_term_string}\"},\"query-input\":\"required name=search_term_string\"}],\"inLanguage\":\"pt-BR\"},{\"@type\":\"Person\",\"@id\":\"https:\/\/educacaocientifica.com\/cientifica\/#\/schema\/person\/e17dfe3dab5597a56e9a1cd4ed1a4734\",\"name\":\"Alex Dias e Marco Ant\u00f4nio\",\"image\":{\"@type\":\"ImageObject\",\"inLanguage\":\"pt-BR\",\"@id\":\"https:\/\/educacaocientifica.com\/cientifica\/#\/schema\/person\/image\/\",\"url\":\"https:\/\/secure.gravatar.com\/avatar\/e88213183f2b3350417a907e51e8aa6a?s=96&d=mm&r=g\",\"contentUrl\":\"https:\/\/secure.gravatar.com\/avatar\/e88213183f2b3350417a907e51e8aa6a?s=96&d=mm&r=g\",\"caption\":\"Alex Dias e Marco Ant\u00f4nio\"},\"url\":\"https:\/\/educacaocientifica.com\/cientifica\/author\/alex-dias-e-marco-antonio\/\"}]}<\/script>\n<!-- \/ Yoast SEO plugin. -->","yoast_head_json":{"title":"Afinal o que \u00e9 qu\u00e2ntica? - Cient\u00edfica","robots":{"index":"index","follow":"follow","max-snippet":"max-snippet:-1","max-image-preview":"max-image-preview:large","max-video-preview":"max-video-preview:-1"},"canonical":"https:\/\/educacaocientifica.com\/cientifica\/afinal-o-que-e-quantica\/","og_locale":"pt_BR","og_type":"article","og_title":"Afinal o que \u00e9 qu\u00e2ntica? - Cient\u00edfica","og_description":"Recentemente um amigo meu me perguntou o que era realmente qu\u00e2ntica? Porque ele andava vendo isso sendo usado em colch\u00f5es, rem\u00e9dios homeop\u00e1ticos e at\u00e9 cursos de psicologia. Mesmo n\u00e3o sendo um f\u00edsico, ele havia notado que aquilo n\u00e3o fazia muito sentido. Praticamente todo tipo de produto e pr\u00e1tica \u201calternativa\u201d usava qu\u00e2ntica como um adjetivo para &hellip; Continue lendo Afinal o que \u00e9 qu\u00e2ntica?","og_url":"https:\/\/educacaocientifica.com\/cientifica\/afinal-o-que-e-quantica\/","og_site_name":"Cient\u00edfica","article_published_time":"2019-10-13T13:53:25+00:00","article_modified_time":"2019-10-14T17:37:10+00:00","og_image":[{"width":800,"height":480,"url":"https:\/\/educacaocientifica.com\/cientifica\/wp-content\/uploads\/2019\/10\/QUANTUM.jpg","type":"image\/jpeg"}],"author":"Alex Dias e Marco Ant\u00f4nio","twitter_card":"summary_large_image","twitter_misc":{"Escrito por":"Alex Dias e Marco Ant\u00f4nio","Est. tempo de leitura":"10 minutos"},"schema":{"@context":"https:\/\/schema.org","@graph":[{"@type":"WebPage","@id":"https:\/\/educacaocientifica.com\/cientifica\/afinal-o-que-e-quantica\/","url":"https:\/\/educacaocientifica.com\/cientifica\/afinal-o-que-e-quantica\/","name":"Afinal o que \u00e9 qu\u00e2ntica? - Cient\u00edfica","isPartOf":{"@id":"https:\/\/educacaocientifica.com\/cientifica\/#website"},"datePublished":"2019-10-13T13:53:25+00:00","dateModified":"2019-10-14T17:37:10+00:00","author":{"@id":"https:\/\/educacaocientifica.com\/cientifica\/#\/schema\/person\/e17dfe3dab5597a56e9a1cd4ed1a4734"},"breadcrumb":{"@id":"https:\/\/educacaocientifica.com\/cientifica\/afinal-o-que-e-quantica\/#breadcrumb"},"inLanguage":"pt-BR","potentialAction":[{"@type":"ReadAction","target":["https:\/\/educacaocientifica.com\/cientifica\/afinal-o-que-e-quantica\/"]}]},{"@type":"BreadcrumbList","@id":"https:\/\/educacaocientifica.com\/cientifica\/afinal-o-que-e-quantica\/#breadcrumb","itemListElement":[{"@type":"ListItem","position":1,"name":"In\u00edcio","item":"https:\/\/educacaocientifica.com\/cientifica\/"},{"@type":"ListItem","position":2,"name":"Afinal o que \u00e9 qu\u00e2ntica?"}]},{"@type":"WebSite","@id":"https:\/\/educacaocientifica.com\/cientifica\/#website","url":"https:\/\/educacaocientifica.com\/cientifica\/","name":"Cient\u00edfica","description":"Porque a ci\u00eancia \u00e9 encantadora","potentialAction":[{"@type":"SearchAction","target":{"@type":"EntryPoint","urlTemplate":"https:\/\/educacaocientifica.com\/cientifica\/?s={search_term_string}"},"query-input":"required name=search_term_string"}],"inLanguage":"pt-BR"},{"@type":"Person","@id":"https:\/\/educacaocientifica.com\/cientifica\/#\/schema\/person\/e17dfe3dab5597a56e9a1cd4ed1a4734","name":"Alex Dias e Marco Ant\u00f4nio","image":{"@type":"ImageObject","inLanguage":"pt-BR","@id":"https:\/\/educacaocientifica.com\/cientifica\/#\/schema\/person\/image\/","url":"https:\/\/secure.gravatar.com\/avatar\/e88213183f2b3350417a907e51e8aa6a?s=96&d=mm&r=g","contentUrl":"https:\/\/secure.gravatar.com\/avatar\/e88213183f2b3350417a907e51e8aa6a?s=96&d=mm&r=g","caption":"Alex Dias e Marco Ant\u00f4nio"},"url":"https:\/\/educacaocientifica.com\/cientifica\/author\/alex-dias-e-marco-antonio\/"}]}},"_links":{"self":[{"href":"https:\/\/educacaocientifica.com\/cientifica\/wp-json\/wp\/v2\/posts\/4231"}],"collection":[{"href":"https:\/\/educacaocientifica.com\/cientifica\/wp-json\/wp\/v2\/posts"}],"about":[{"href":"https:\/\/educacaocientifica.com\/cientifica\/wp-json\/wp\/v2\/types\/post"}],"author":[{"embeddable":true,"href":"https:\/\/educacaocientifica.com\/cientifica\/wp-json\/wp\/v2\/users\/3"}],"replies":[{"embeddable":true,"href":"https:\/\/educacaocientifica.com\/cientifica\/wp-json\/wp\/v2\/comments?post=4231"}],"version-history":[{"count":2,"href":"https:\/\/educacaocientifica.com\/cientifica\/wp-json\/wp\/v2\/posts\/4231\/revisions"}],"predecessor-version":[{"id":4318,"href":"https:\/\/educacaocientifica.com\/cientifica\/wp-json\/wp\/v2\/posts\/4231\/revisions\/4318"}],"wp:featuredmedia":[{"embeddable":true,"href":"https:\/\/educacaocientifica.com\/cientifica\/wp-json\/wp\/v2\/media\/4312"}],"wp:attachment":[{"href":"https:\/\/educacaocientifica.com\/cientifica\/wp-json\/wp\/v2\/media?parent=4231"}],"wp:term":[{"taxonomy":"category","embeddable":true,"href":"https:\/\/educacaocientifica.com\/cientifica\/wp-json\/wp\/v2\/categories?post=4231"},{"taxonomy":"post_tag","embeddable":true,"href":"https:\/\/educacaocientifica.com\/cientifica\/wp-json\/wp\/v2\/tags?post=4231"}],"curies":[{"name":"wp","href":"https:\/\/api.w.org\/{rel}","templated":true}]}}