{"id":4206,"date":"2019-05-12T10:27:54","date_gmt":"2019-05-12T13:27:54","guid":{"rendered":"http:\/\/educacaocientifica.com\/cientifica\/?p=4206"},"modified":"2019-05-12T10:45:37","modified_gmt":"2019-05-12T13:45:37","slug":"saiu-a-foto-do-buraco-negro-e-ela-te-decepcionou","status":"publish","type":"post","link":"https:\/\/educacaocientifica.com\/cientifica\/saiu-a-foto-do-buraco-negro-e-ela-te-decepcionou\/","title":{"rendered":"Saiu a foto do buraco negro! E ela te decepcionou&#8230;"},"content":{"rendered":"<p style=\"text-align: justify;\">Recentemente a m\u00eddia foi bombardeada com a not\u00edcia de que cientistas haviam produzido a primeira foto de um buraco negro. E, embora essa foto tenha sido um marco cient\u00edfico mundial e feito hist\u00f3ria, muita gente n\u00e3o compreendeu o porque de todo alvoro\u00e7o e\/ou se decepcionou um pouco com o resultado visual. Afinal, o que buracos negros tem de fascinante, eles tem de complexos e, por isso, a fic\u00e7\u00e3o tem explorado tanto o tema. Mas ent\u00e3o, vamos entender um pouco sobre a foto publicada, porque ela \u00e9 tao importante cientificamente e porque, muitos ficaram decepcionados com ela.<\/p>\n<p><!--more--><\/p>\n<p style=\"text-align: justify;\">Ok, talvez a decep\u00e7\u00e3o tenha sido menor do que assistir Liga da Justi\u00e7a (nerd rage trigger!) mas fala s\u00e9rio, voc\u00ea esperava algo mais&#8230; \u00e9pico do que a imagem a baixo:<\/p>\n<p style=\"text-align: justify;\"><\/p>\n<figure class=\"wp-block-image\"><img decoding=\"async\" loading=\"lazy\" width=\"780\" height=\"438\" class=\"wp-image-4272\" src=\"http:\/\/educacaocientifica.com\/cientifica\/wp-content\/uploads\/2019\/05\/buraco-1.jpg\" alt=\"\" srcset=\"https:\/\/educacaocientifica.com\/cientifica\/wp-content\/uploads\/2019\/05\/buraco-1.jpg 780w, https:\/\/educacaocientifica.com\/cientifica\/wp-content\/uploads\/2019\/05\/buraco-1-300x168.jpg 300w, https:\/\/educacaocientifica.com\/cientifica\/wp-content\/uploads\/2019\/05\/buraco-1-768x431.jpg 768w, https:\/\/educacaocientifica.com\/cientifica\/wp-content\/uploads\/2019\/05\/buraco-1-685x385.jpg 685w\" sizes=\"(max-width: 780px) 100vw, 780px\" \/><\/figure>\n<p style=\"text-align: justify;\"><\/p>\n<p style=\"text-align: justify;\">Ela parece bem borada, e n\u00e3o mostra muita coisa. Algo longe das concep\u00e7\u00f5es art\u00edsticas que vemos na internet de um buraco negro:<\/p>\n<p><\/p>\n<figure class=\"wp-block-image\"><img decoding=\"async\" loading=\"lazy\" width=\"744\" height=\"389\" class=\"wp-image-4273\" src=\"http:\/\/educacaocientifica.com\/cientifica\/wp-content\/uploads\/2019\/05\/buraco-2.jpg\" alt=\"\" srcset=\"https:\/\/educacaocientifica.com\/cientifica\/wp-content\/uploads\/2019\/05\/buraco-2.jpg 744w, https:\/\/educacaocientifica.com\/cientifica\/wp-content\/uploads\/2019\/05\/buraco-2-300x157.jpg 300w, https:\/\/educacaocientifica.com\/cientifica\/wp-content\/uploads\/2019\/05\/buraco-2-685x358.jpg 685w\" sizes=\"(max-width: 744px) 100vw, 744px\" \/><\/figure>\n<p><\/p>\n<p style=\"text-align: justify;\">Mas porque essa foto \u00e9 t\u00e3o importante? O que ela nos revelou? E porque ela mostra t\u00e3o pouco? Pretendo abordar cada uma dessas quest\u00f5es nas pr\u00f3ximas postagens, e hoje vamos falar um pouco sobre como essa foto foi tirada, e o porque de sua &#8220;baixa&#8221; qualidade.<\/p>\n<p style=\"text-align: justify;\">Antes de mais nada, temos que entender o <strong>qu\u00e3o<\/strong> longe esse buraco negro em particular est\u00e1 da terra. Na verdade, o que estamos olhando n\u00e3o \u00e9 &#8220;somente&#8221; um buraco negro resultante da morte de uma estrela. A foto famosa, e muitas vezes chamada de M87 na verdade mostra o cora\u00e7\u00e3o da gal\u00e1xia Messier 87, e nesse cora\u00e7\u00e3o existe um buraco negro super massivo em atividade (caindo na classe de um Quasar), engolindo mat\u00e9ria da gal\u00e1xia em uma espiral de g\u00e1s super aquecido colossal, e cuspindo jatos relativ\u00edsticos de mat\u00e9ria por seus polos. Na verdade a gal\u00e1xia M87 \u00e9 uma das mais massivas observ\u00e1veis atualmente, e seu n\u00facleo \u00e9 um dos mais ativos que conhecemos, o que a faz uma candidata perfeita para ser fotografada. Mesmo estando a cerca de 53 <strong>milh\u00f5es<\/strong> de anos luz da terra, devido ao brilho extremamente forte de seu buraco negro central, \u00e9 muito mais f\u00e1cil fotograf\u00e1-la do que mesmo o buraco negro no centro de nossa gal\u00e1xia.<\/p>\n<p style=\"text-align: justify;\">E quando falamos 53 milh\u00f5es de anos luz da terra, isso n\u00e3o \u00e9 pouca coisa. Pense que mesmo a gal\u00e1xia inteira M87, \u00e9 somente um pontinho visto de uma foto a partir do telesc\u00f3pio espacial Hubble. A gal\u00e1xia inteira \u00e9 esse ponto brilhante no canto esquerdo, enquanto a pluma esbranqui\u00e7ada (que tem centenas de anos-luz de comprimento) \u00e9 resultado justamente dos jatos relativ\u00edsticos expelidos pelo buraco negro em seu centro. E lembre-se, o tamanho do buraco negro \u00e9 incomparavelmente menor do que o tamanho da gal\u00e1xia. Quer dizer, mesmo nessa foto abaixo, o buraco negro em seu n\u00facleo seria menor do que um p\u00edxel da foto. Na verdade MUITO menor.<\/p>\n<p style=\"text-align: justify;\"><img decoding=\"async\" src=\"https:\/\/upload.wikimedia.org\/wikipedia\/commons\/thumb\/3\/39\/M87_jet.jpg\/1024px-M87_jet.jpg\" alt=\"M87 jet extends up to 5,000 light-years from the core\" \/><\/p>\n<p style=\"text-align: justify;\">A raz\u00e3o dist\u00e2ncia\/tamanho do buraco negro \u00e9 t\u00e3o absurda, que compara\u00e7\u00f5es cl\u00e1ssicas dessa \u00e1rea ainda seriam simpl\u00edsticas demais. A ideia de que a foto desse buraco negro seria o equivalente a uma c\u00e2mera de m\u00e3o na terra tentando ler com zoom um livro deixado na superf\u00edcie da lua explica mais ou menos o porque da resolu\u00e7\u00e3o ter ficado t\u00e3o &#8220;baixa&#8221;. Estamos falando de dist\u00e2ncias ridiculamente grandes aqui, e foi exatamente por isso que a foto n\u00e3o foi clicada a partir de um telesc\u00f3pio, mas da jun\u00e7\u00e3o de 8 telesc\u00f3pios que trabalharam em conjunto durante dois anos somente para &#8220;tirar a foto&#8221;. Tal esfor\u00e7o (o projeto Event Horizon Telescope) vai ter uma postagem futura dedicada a ele, mas basta entendermos que o seu efeito coletivo foi criar um &#8220;telesc\u00f3pio virtual&#8221; literalmente do tamanho da <strong>Terra<\/strong> para tirar essa foto. Isso explica bem o porque de uma foto com t\u00e3o baixa resolu\u00e7\u00e3o ter na verdade diversos petabytes (cerca de 500 HD&#8217;s contendo 10 Terabytes cada, por alto!).<\/p>\n<figure id=\"attachment_3761\" aria-describedby=\"caption-attachment-3761\" style=\"width: 1920px\" class=\"wp-caption alignnone\"><img decoding=\"async\" loading=\"lazy\" class=\"wp-image-3761\" src=\"https:\/\/njordscorner.files.wordpress.com\/2019\/04\/image.png\" alt=\"\" width=\"1920\" height=\"1080\" \/><figcaption id=\"caption-attachment-3761\" class=\"wp-caption-text\">Zoom do zoom do zoom da gal\u00e1xia M87. Via Space Today, do fant\u00e1stico Sergio Sacany<\/figcaption><\/figure>\n<p style=\"text-align: justify;\">Esse buraco negro super massivo (catalogado como M87*) tem uma massa de bilh\u00f5es de vezes a massa do nosso <strong>sistema solar inteiro!<\/strong> Isso se deve provavelmente ao fato de ele n\u00e3o ter sido resultado somente de <strong>uma<\/strong> morte estrelas, mas sim de esse buraco negro estar se alimentando de mat\u00e9ria, outras estrelas e mesmo outros buracos negros a alguns bilh\u00f5es de anos. Desse modo, essa entidade \u00e9 incomensuravelmente grande, e quando vemos aquela fotinha borrada, a impress\u00e3o que passa pode ser muito subestimada. Em uma r\u00e1pida compara\u00e7\u00e3o com nosso sistema solar, vemos que mesmo a &#8220;sombra&#8221; dele ainda sim \u00e9 muito maior do que a pr\u00f3pria \u00f3rbita de plut\u00e3o!<\/p>\n<figure style=\"width: 740px\" class=\"wp-caption aligncenter\"><img decoding=\"async\" loading=\"lazy\" src=\"https:\/\/imgs.xkcd.com\/comics\/m87_black_hole_size_comparison.png\" alt=\"\" width=\"740\" height=\"740\" \/><figcaption class=\"wp-caption-text\">\u00d3rbita de plut\u00e3o sobreposta a foto do M87*<\/figcaption><\/figure>\n<p style=\"text-align: justify;\">Agora n\u00f3s podemos come\u00e7ar a entender o tamanho do buraco negro. E com isso devemos lembrar que o anel alaranjado ao redor da esfera escura n\u00e3o \u00e9 parte em s\u00ed do buraco negro. Esse \u00e9 justamente o disco de acre\u00e7\u00e3o. Ou seja, toda essa faixa laranja (que mede dezenas de vezes o tamanho do sistema solar) \u00e9 tudo poeira e mat\u00e9ria estelar &#8220;caindo&#8221; em dire\u00e7\u00e3o ao buraco negro, e brilhando de calor devido ao atrito causado enquanto a mat\u00e9ria espirala em dire\u00e7\u00e3o ao horizonte de eventos. <br \/>Para termos uma no\u00e7\u00e3o, a estimativa \u00e9 de que <strong>por dia<\/strong>, mais de <strong>90 massas terrestres<\/strong> &#8220;caem&#8221; dentro do buraco negro a partir desse disco de acre\u00e7\u00e3o, em forma de poeira e material estelar. Na descri\u00e7\u00e3o gr\u00e1fica abaixo podemos entender melhor a situa\u00e7\u00e3o:<\/p>\n<figure style=\"width: 1280px\" class=\"wp-caption aligncenter\"><img decoding=\"async\" loading=\"lazy\" src=\"https:\/\/i.ytimg.com\/vi\/dYqznS_hQmw\/maxresdefault.jpg\" alt=\"\" width=\"1280\" height=\"720\" \/><figcaption class=\"wp-caption-text\">Uma nuvem colossal de material estelar espirala a velocidades absurdas ao redor do buraco negro (aqui cinza) caindo em dire\u00e7\u00e3o a ele e emitindo muita luz devido a temperatura.<\/figcaption><\/figure>\n<p style=\"text-align: justify;\">Com isso, podemos entender um pouco melhor algumas das caracter\u00edsticas da foto, como a \u00e1rea central escura (que corresponderia a regi\u00e3o de onde nem mesmo a luz pode sair do buraco negro, seu raio de Schwarzschild) e a \u00e1rea alaranjada de sua borda (que corresponde a esse enorme anel de poeira espiralando e brilhando enquanto cai na dire\u00e7\u00e3o do buraco negro). Outras caracter\u00edsticas importantes envolvem notarmos que um lado do anel \u00e9 mais &#8220;brilhante&#8221; que o outro, o que era esperado e foi corretamente confirmado pela foto. Tal &#8220;brilho&#8221; na verdade \u00e9 somente o aumento da frequ\u00eancia da luz emitida pelo disco de acre\u00e7\u00e3o quando a mat\u00e9ria gira em nossa dire\u00e7\u00e3o, ou seja, o efeito Doppler. O oposto ocorre no lado inverso do disco, pois (como o disco est\u00e1 girando) esse lado vai estar se &#8220;afastando&#8221; do nosso ponto de vista, diminuindo a frequ\u00eancia da luz emitida. Abaixo isso pode ser melhor entendido com a simula\u00e7\u00e3o do que ver\u00edamos para cada \u00e2ngulo diferente do disco de acre\u00e7\u00e3o (giro no sentido hor\u00e1rio). Note que se v\u00edssemos o buraco negro &#8220;de cima&#8221;, todos os pontos do disco n\u00e3o se afastariam nem se aproximariam, anulando tal efeito doppler. Da mesma forma, se v\u00edssemos o buraco negro de um ponto de vista equatorial, um lado dele teria o m\u00e1ximo de efeito doppler e o outro o m\u00ednimo:<\/p>\n<p style=\"text-align: justify;\"><img decoding=\"async\" class=\"aligncenter\" src=\"https:\/\/www.sciencemag.org\/sites\/default\/files\/styles\/inline__450w__no_aspect\/public\/2_16x9_5.jpg?itok=Stvz5K1b\" alt=\"Resultado de imagem para black hole photo doppler\" \/><\/p>\n<p style=\"text-align: justify;\">Agora entendemos superficialmente a imagem, algumas poucas de suas caracter\u00edsticas e o porque de ela ter sa\u00eddo t\u00e3o borrada. Em postagens futuras iremos entrar mais a fundo na quest\u00e3o de como 8 telesc\u00f3pios puderam se juntar em um telesc\u00f3pio virtual do tamanho da terra e principalmente, porque tal foto \u00e9 t\u00e3o importante e o que iremos descobrir com ela.<\/p>\n\n\n<p><\/p>\n\n\n\n<p><\/p>\n","protected":false},"excerpt":{"rendered":"<p>Recentemente a m\u00eddia foi bombardeada com a not\u00edcia de que cientistas haviam produzido a primeira foto de um buraco negro. E, embora essa foto tenha sido um marco cient\u00edfico mundial e feito hist\u00f3ria, muita gente n\u00e3o compreendeu o porque de todo alvoro\u00e7o e\/ou se decepcionou um pouco com o resultado visual. Afinal, o que buracos &hellip; <a href=\"https:\/\/educacaocientifica.com\/cientifica\/saiu-a-foto-do-buraco-negro-e-ela-te-decepcionou\/\" class=\"more-link\">Continue lendo <span class=\"screen-reader-text\">Saiu a foto do buraco negro! E ela te decepcionou&#8230;<\/span><\/a><\/p>\n","protected":false},"author":2,"featured_media":4276,"comment_status":"open","ping_status":"open","sticky":false,"template":"","format":"standard","meta":[],"categories":[24,4,6,25],"tags":[22,19,20,23,21],"yoast_head":"<!-- This site is optimized with the Yoast SEO plugin v20.0 - https:\/\/yoast.com\/wordpress\/plugins\/seo\/ -->\n<title>Saiu a foto do buraco negro! E ela te decepcionou... - Cient\u00edfica<\/title>\n<meta name=\"robots\" content=\"index, follow, max-snippet:-1, max-image-preview:large, max-video-preview:-1\" \/>\n<link rel=\"canonical\" href=\"https:\/\/educacaocientifica.com\/cientifica\/saiu-a-foto-do-buraco-negro-e-ela-te-decepcionou\/\" \/>\n<meta property=\"og:locale\" content=\"pt_BR\" \/>\n<meta property=\"og:type\" content=\"article\" \/>\n<meta property=\"og:title\" content=\"Saiu a foto do buraco negro! E ela te decepcionou... - Cient\u00edfica\" \/>\n<meta property=\"og:description\" content=\"Recentemente a m\u00eddia foi bombardeada com a not\u00edcia de que cientistas haviam produzido a primeira foto de um buraco negro. E, embora essa foto tenha sido um marco cient\u00edfico mundial e feito hist\u00f3ria, muita gente n\u00e3o compreendeu o porque de todo alvoro\u00e7o e\/ou se decepcionou um pouco com o resultado visual. Afinal, o que buracos &hellip; Continue lendo Saiu a foto do buraco negro! E ela te decepcionou&#8230;\" \/>\n<meta property=\"og:url\" content=\"https:\/\/educacaocientifica.com\/cientifica\/saiu-a-foto-do-buraco-negro-e-ela-te-decepcionou\/\" \/>\n<meta property=\"og:site_name\" content=\"Cient\u00edfica\" \/>\n<meta property=\"article:published_time\" content=\"2019-05-12T13:27:54+00:00\" \/>\n<meta property=\"article:modified_time\" content=\"2019-05-12T13:45:37+00:00\" \/>\n<meta property=\"og:image\" content=\"https:\/\/educacaocientifica.com\/cientifica\/wp-content\/uploads\/2019\/05\/106398636_mediaitem106398635.jpg\" \/>\n\t<meta property=\"og:image:width\" content=\"976\" \/>\n\t<meta property=\"og:image:height\" content=\"549\" \/>\n\t<meta property=\"og:image:type\" content=\"image\/jpeg\" \/>\n<meta name=\"author\" content=\"Marco Antonio Amaral\" \/>\n<meta name=\"twitter:card\" content=\"summary_large_image\" \/>\n<meta name=\"twitter:label1\" content=\"Escrito por\" \/>\n\t<meta name=\"twitter:data1\" content=\"Marco Antonio Amaral\" \/>\n\t<meta name=\"twitter:label2\" content=\"Est. tempo de leitura\" \/>\n\t<meta name=\"twitter:data2\" content=\"7 minutos\" \/>\n<script type=\"application\/ld+json\" class=\"yoast-schema-graph\">{\"@context\":\"https:\/\/schema.org\",\"@graph\":[{\"@type\":\"WebPage\",\"@id\":\"https:\/\/educacaocientifica.com\/cientifica\/saiu-a-foto-do-buraco-negro-e-ela-te-decepcionou\/\",\"url\":\"https:\/\/educacaocientifica.com\/cientifica\/saiu-a-foto-do-buraco-negro-e-ela-te-decepcionou\/\",\"name\":\"Saiu a foto do buraco negro! E ela te decepcionou... - Cient\u00edfica\",\"isPartOf\":{\"@id\":\"https:\/\/educacaocientifica.com\/cientifica\/#website\"},\"datePublished\":\"2019-05-12T13:27:54+00:00\",\"dateModified\":\"2019-05-12T13:45:37+00:00\",\"author\":{\"@id\":\"https:\/\/educacaocientifica.com\/cientifica\/#\/schema\/person\/2a884266d470f0ba737eb28de0f105de\"},\"breadcrumb\":{\"@id\":\"https:\/\/educacaocientifica.com\/cientifica\/saiu-a-foto-do-buraco-negro-e-ela-te-decepcionou\/#breadcrumb\"},\"inLanguage\":\"pt-BR\",\"potentialAction\":[{\"@type\":\"ReadAction\",\"target\":[\"https:\/\/educacaocientifica.com\/cientifica\/saiu-a-foto-do-buraco-negro-e-ela-te-decepcionou\/\"]}]},{\"@type\":\"BreadcrumbList\",\"@id\":\"https:\/\/educacaocientifica.com\/cientifica\/saiu-a-foto-do-buraco-negro-e-ela-te-decepcionou\/#breadcrumb\",\"itemListElement\":[{\"@type\":\"ListItem\",\"position\":1,\"name\":\"In\u00edcio\",\"item\":\"https:\/\/educacaocientifica.com\/cientifica\/\"},{\"@type\":\"ListItem\",\"position\":2,\"name\":\"Saiu a foto do buraco negro! E ela te decepcionou&#8230;\"}]},{\"@type\":\"WebSite\",\"@id\":\"https:\/\/educacaocientifica.com\/cientifica\/#website\",\"url\":\"https:\/\/educacaocientifica.com\/cientifica\/\",\"name\":\"Cient\u00edfica\",\"description\":\"Porque a ci\u00eancia \u00e9 encantadora\",\"potentialAction\":[{\"@type\":\"SearchAction\",\"target\":{\"@type\":\"EntryPoint\",\"urlTemplate\":\"https:\/\/educacaocientifica.com\/cientifica\/?s={search_term_string}\"},\"query-input\":\"required name=search_term_string\"}],\"inLanguage\":\"pt-BR\"},{\"@type\":\"Person\",\"@id\":\"https:\/\/educacaocientifica.com\/cientifica\/#\/schema\/person\/2a884266d470f0ba737eb28de0f105de\",\"name\":\"Marco Antonio Amaral\",\"image\":{\"@type\":\"ImageObject\",\"inLanguage\":\"pt-BR\",\"@id\":\"https:\/\/educacaocientifica.com\/cientifica\/#\/schema\/person\/image\/\",\"url\":\"https:\/\/secure.gravatar.com\/avatar\/8e7ce5726bab4e56a27742e5a8a9607d?s=96&d=mm&r=g\",\"contentUrl\":\"https:\/\/secure.gravatar.com\/avatar\/8e7ce5726bab4e56a27742e5a8a9607d?s=96&d=mm&r=g\",\"caption\":\"Marco Antonio Amaral\"},\"sameAs\":[\"https:\/\/njordscorner.wordpress.com\/\"],\"url\":\"https:\/\/educacaocientifica.com\/cientifica\/author\/marcoantonio\/\"}]}<\/script>\n<!-- \/ Yoast SEO plugin. -->","yoast_head_json":{"title":"Saiu a foto do buraco negro! E ela te decepcionou... - Cient\u00edfica","robots":{"index":"index","follow":"follow","max-snippet":"max-snippet:-1","max-image-preview":"max-image-preview:large","max-video-preview":"max-video-preview:-1"},"canonical":"https:\/\/educacaocientifica.com\/cientifica\/saiu-a-foto-do-buraco-negro-e-ela-te-decepcionou\/","og_locale":"pt_BR","og_type":"article","og_title":"Saiu a foto do buraco negro! E ela te decepcionou... - Cient\u00edfica","og_description":"Recentemente a m\u00eddia foi bombardeada com a not\u00edcia de que cientistas haviam produzido a primeira foto de um buraco negro. E, embora essa foto tenha sido um marco cient\u00edfico mundial e feito hist\u00f3ria, muita gente n\u00e3o compreendeu o porque de todo alvoro\u00e7o e\/ou se decepcionou um pouco com o resultado visual. Afinal, o que buracos &hellip; Continue lendo Saiu a foto do buraco negro! E ela te decepcionou&#8230;","og_url":"https:\/\/educacaocientifica.com\/cientifica\/saiu-a-foto-do-buraco-negro-e-ela-te-decepcionou\/","og_site_name":"Cient\u00edfica","article_published_time":"2019-05-12T13:27:54+00:00","article_modified_time":"2019-05-12T13:45:37+00:00","og_image":[{"width":976,"height":549,"url":"https:\/\/educacaocientifica.com\/cientifica\/wp-content\/uploads\/2019\/05\/106398636_mediaitem106398635.jpg","type":"image\/jpeg"}],"author":"Marco Antonio Amaral","twitter_card":"summary_large_image","twitter_misc":{"Escrito por":"Marco Antonio Amaral","Est. tempo de leitura":"7 minutos"},"schema":{"@context":"https:\/\/schema.org","@graph":[{"@type":"WebPage","@id":"https:\/\/educacaocientifica.com\/cientifica\/saiu-a-foto-do-buraco-negro-e-ela-te-decepcionou\/","url":"https:\/\/educacaocientifica.com\/cientifica\/saiu-a-foto-do-buraco-negro-e-ela-te-decepcionou\/","name":"Saiu a foto do buraco negro! E ela te decepcionou... - Cient\u00edfica","isPartOf":{"@id":"https:\/\/educacaocientifica.com\/cientifica\/#website"},"datePublished":"2019-05-12T13:27:54+00:00","dateModified":"2019-05-12T13:45:37+00:00","author":{"@id":"https:\/\/educacaocientifica.com\/cientifica\/#\/schema\/person\/2a884266d470f0ba737eb28de0f105de"},"breadcrumb":{"@id":"https:\/\/educacaocientifica.com\/cientifica\/saiu-a-foto-do-buraco-negro-e-ela-te-decepcionou\/#breadcrumb"},"inLanguage":"pt-BR","potentialAction":[{"@type":"ReadAction","target":["https:\/\/educacaocientifica.com\/cientifica\/saiu-a-foto-do-buraco-negro-e-ela-te-decepcionou\/"]}]},{"@type":"BreadcrumbList","@id":"https:\/\/educacaocientifica.com\/cientifica\/saiu-a-foto-do-buraco-negro-e-ela-te-decepcionou\/#breadcrumb","itemListElement":[{"@type":"ListItem","position":1,"name":"In\u00edcio","item":"https:\/\/educacaocientifica.com\/cientifica\/"},{"@type":"ListItem","position":2,"name":"Saiu a foto do buraco negro! E ela te decepcionou&#8230;"}]},{"@type":"WebSite","@id":"https:\/\/educacaocientifica.com\/cientifica\/#website","url":"https:\/\/educacaocientifica.com\/cientifica\/","name":"Cient\u00edfica","description":"Porque a ci\u00eancia \u00e9 encantadora","potentialAction":[{"@type":"SearchAction","target":{"@type":"EntryPoint","urlTemplate":"https:\/\/educacaocientifica.com\/cientifica\/?s={search_term_string}"},"query-input":"required name=search_term_string"}],"inLanguage":"pt-BR"},{"@type":"Person","@id":"https:\/\/educacaocientifica.com\/cientifica\/#\/schema\/person\/2a884266d470f0ba737eb28de0f105de","name":"Marco Antonio Amaral","image":{"@type":"ImageObject","inLanguage":"pt-BR","@id":"https:\/\/educacaocientifica.com\/cientifica\/#\/schema\/person\/image\/","url":"https:\/\/secure.gravatar.com\/avatar\/8e7ce5726bab4e56a27742e5a8a9607d?s=96&d=mm&r=g","contentUrl":"https:\/\/secure.gravatar.com\/avatar\/8e7ce5726bab4e56a27742e5a8a9607d?s=96&d=mm&r=g","caption":"Marco Antonio Amaral"},"sameAs":["https:\/\/njordscorner.wordpress.com\/"],"url":"https:\/\/educacaocientifica.com\/cientifica\/author\/marcoantonio\/"}]}},"_links":{"self":[{"href":"https:\/\/educacaocientifica.com\/cientifica\/wp-json\/wp\/v2\/posts\/4206"}],"collection":[{"href":"https:\/\/educacaocientifica.com\/cientifica\/wp-json\/wp\/v2\/posts"}],"about":[{"href":"https:\/\/educacaocientifica.com\/cientifica\/wp-json\/wp\/v2\/types\/post"}],"author":[{"embeddable":true,"href":"https:\/\/educacaocientifica.com\/cientifica\/wp-json\/wp\/v2\/users\/2"}],"replies":[{"embeddable":true,"href":"https:\/\/educacaocientifica.com\/cientifica\/wp-json\/wp\/v2\/comments?post=4206"}],"version-history":[{"count":2,"href":"https:\/\/educacaocientifica.com\/cientifica\/wp-json\/wp\/v2\/posts\/4206\/revisions"}],"predecessor-version":[{"id":4275,"href":"https:\/\/educacaocientifica.com\/cientifica\/wp-json\/wp\/v2\/posts\/4206\/revisions\/4275"}],"wp:featuredmedia":[{"embeddable":true,"href":"https:\/\/educacaocientifica.com\/cientifica\/wp-json\/wp\/v2\/media\/4276"}],"wp:attachment":[{"href":"https:\/\/educacaocientifica.com\/cientifica\/wp-json\/wp\/v2\/media?parent=4206"}],"wp:term":[{"taxonomy":"category","embeddable":true,"href":"https:\/\/educacaocientifica.com\/cientifica\/wp-json\/wp\/v2\/categories?post=4206"},{"taxonomy":"post_tag","embeddable":true,"href":"https:\/\/educacaocientifica.com\/cientifica\/wp-json\/wp\/v2\/tags?post=4206"}],"curies":[{"name":"wp","href":"https:\/\/api.w.org\/{rel}","templated":true}]}}